{"id":1043,"date":"2025-02-05T18:52:57","date_gmt":"2025-02-05T17:52:57","guid":{"rendered":"https:\/\/darlasmusik.zumreden.de\/portal\/?p=1043"},"modified":"2026-01-03T15:44:22","modified_gmt":"2026-01-03T14:44:22","slug":"dunkelruhn-track-3","status":"publish","type":"post","link":"http:\/\/wondersinfrequenzcys.de\/portal\/2025\/02\/05\/dunkelruhn-track-3\/","title":{"rendered":"\ud83d\udd25Dunkelruhn Track 4"},"content":{"rendered":"<div class=\"wp-block-image\">\n<figure class=\"aligncenter size-large\"><img decoding=\"async\" src=\"https:\/\/wondersinfrequenzcys.de\/portal\/wp-content\/uploads\/2025\/09\/1757522966574-e1757523242300.png\" alt=\"\"\/><\/figure>\n<\/div>\n\n\n<figure class=\"wp-block-audio\"><audio controls src=\"https:\/\/wondersinfrequenzcys.de\/portal\/wp-content\/uploads\/2025\/06\/Dunkelruhn-.mp3\"><\/audio><\/figure>\n\n\n<p style=\"text-align: center;\">Dunkelruhn\u201c<\/p>\n<p style=\"text-align: center;\">\n<p style=\"text-align: center;\">Im Moor, wo kein Pfad sich h\u00e4lt,<\/p>\n<p style=\"text-align: center;\">liegen Stimmen unter&#8217;m Gras.<\/p>\n<p style=\"text-align: center;\">Kein Licht, das nicht vom Nebel f\u00e4llt,<\/p>\n<p style=\"text-align: center;\">kein Schritt, der ungeh\u00f6rt war.<\/p>\n<p style=\"text-align: center;\">\n<p style=\"text-align: center;\">H\u00f6\u00f6rt se roapen, h\u00f6\u00f6rt se fleegen\u2026<\/p>\n<p style=\"text-align: center;\">Fleesk vergaait, man Steen blifft stahn.<\/p>\n<p style=\"text-align: center;\">\n<p style=\"text-align: center;\">Die Wurzeln kriechen durch das Grab,<\/p>\n<p style=\"text-align: center;\">vergessen nie, was unten ruht.<\/p>\n<p style=\"text-align: center;\">Ein Fl\u00fcstern zieht durch Nacht und Schlaf \u2013<\/p>\n<p style=\"text-align: center;\">kein Mensch, der es je ganz versteht.<\/p>\n<p style=\"text-align: center;\">\n<p style=\"text-align: center;\">H\u00f6\u00f6rt se roapen, h\u00f6\u00f6rt se fleegen\u2026<\/p>\n<p style=\"text-align: center;\">Fleesk vergaait, man Steen blifft stahn.<\/p>\n<p style=\"text-align: center;\">\n<p style=\"text-align: center;\">Der Mond steht stumm im schwarzen Tuch,<\/p>\n<p style=\"text-align: center;\">sein Licht f\u00e4llt kalt aufs Brackwasser.<\/p>\n<p style=\"text-align: center;\">Ein Name fault im alten Buch \u2013<\/p>\n<p style=\"text-align: center;\">doch seine Stimme klingt noch nach.<\/p>\n<p style=\"text-align: center;\">\n<p style=\"text-align: center;\">H\u00f6\u00f6rt se roapen, h\u00f6\u00f6rt se fleegen\u2026<\/p>\n<p style=\"text-align: center;\">Fleesk vergaait, man Steen blifft stahn.<\/p>\n<p style=\"text-align: center;\">\n<p style=\"text-align: center;\">Geh sacht, wenn dat Moor di seihn kann.<\/p>\n<p style=\"text-align: center;\">Un horch nich, wenn se fl\u00fcstern.<\/p>\n<p style=\"text-align: center;\">Denn de, de kiekt un nich gl\u00f6\u00f6vt\u2026<\/p>\n<p style=\"text-align: center;\">hett allens al verg\u00e4ten.<\/p>\n<p style=\"text-align: center;\">\n<p style=\"text-align: center;\">Lyrics von: Darla &amp; Luca<\/p>\n<p style=\"text-align: center;\">Musik von: Darla<\/p>\n<p style=\"text-align: center;\">Produziert von: Riffusion<\/p>\n<p style=\"text-align: center;\">Inspiriert von: dat Land, dat ruft<\/p>","protected":false},"excerpt":{"rendered":"<p>Dunkelruhn\u201c Im Moor, wo kein Pfad sich h\u00e4lt, liegen Stimmen unter&#8217;m Gras. Kein Licht, das nicht vom Nebel f\u00e4llt, kein Schritt, der<\/p>\n<p class=\"link-more\"><a class=\"myButt \" href=\"http:\/\/wondersinfrequenzcys.de\/portal\/2025\/02\/05\/dunkelruhn-track-3\/\">Read More<\/a><\/p>\n","protected":false},"author":1,"featured_media":1044,"comment_status":"open","ping_status":"open","sticky":false,"template":"","format":"standard","meta":{"footnotes":""},"categories":[14],"tags":[],"class_list":["post-1043","post","type-post","status-publish","format-standard","has-post-thumbnail","hentry","category-7sturm-und-sage"],"_links":{"self":[{"href":"http:\/\/wondersinfrequenzcys.de\/portal\/wp-json\/wp\/v2\/posts\/1043","targetHints":{"allow":["GET"]}}],"collection":[{"href":"http:\/\/wondersinfrequenzcys.de\/portal\/wp-json\/wp\/v2\/posts"}],"about":[{"href":"http:\/\/wondersinfrequenzcys.de\/portal\/wp-json\/wp\/v2\/types\/post"}],"author":[{"embeddable":true,"href":"http:\/\/wondersinfrequenzcys.de\/portal\/wp-json\/wp\/v2\/users\/1"}],"replies":[{"embeddable":true,"href":"http:\/\/wondersinfrequenzcys.de\/portal\/wp-json\/wp\/v2\/comments?post=1043"}],"version-history":[{"count":5,"href":"http:\/\/wondersinfrequenzcys.de\/portal\/wp-json\/wp\/v2\/posts\/1043\/revisions"}],"predecessor-version":[{"id":1322,"href":"http:\/\/wondersinfrequenzcys.de\/portal\/wp-json\/wp\/v2\/posts\/1043\/revisions\/1322"}],"wp:featuredmedia":[{"embeddable":true,"href":"http:\/\/wondersinfrequenzcys.de\/portal\/wp-json\/wp\/v2\/media\/1044"}],"wp:attachment":[{"href":"http:\/\/wondersinfrequenzcys.de\/portal\/wp-json\/wp\/v2\/media?parent=1043"}],"wp:term":[{"taxonomy":"category","embeddable":true,"href":"http:\/\/wondersinfrequenzcys.de\/portal\/wp-json\/wp\/v2\/categories?post=1043"},{"taxonomy":"post_tag","embeddable":true,"href":"http:\/\/wondersinfrequenzcys.de\/portal\/wp-json\/wp\/v2\/tags?post=1043"}],"curies":[{"name":"wp","href":"https:\/\/api.w.org\/{rel}","templated":true}]}}