{"id":1638,"date":"2025-01-10T19:58:15","date_gmt":"2025-01-10T18:58:15","guid":{"rendered":"https:\/\/wondersinfrequenzcys.de\/portal\/?p=1638"},"modified":"2026-03-30T20:01:44","modified_gmt":"2026-03-30T18:01:44","slug":"%f0%9f%94%a5-salz-und-blut-track-11","status":"publish","type":"post","link":"http:\/\/wondersinfrequenzcys.de\/portal\/2025\/01\/10\/%f0%9f%94%a5-salz-und-blut-track-11\/","title":{"rendered":"\ud83d\udd25 Salz und Blut Track 11"},"content":{"rendered":"<div class=\"wp-block-image\">\n<figure class=\"aligncenter size-large\"><img decoding=\"async\" src=\"http:\/\/wondersinfrequenzcys.de\/portal\/wp-content\/uploads\/2026\/03\/InShot_20260330_195655441-e1774893571695.jpg\" alt=\"\"\/><\/figure>\n<\/div>\n\n\n<figure class=\"wp-block-audio\"><audio controls src=\"http:\/\/wondersinfrequenzcys.de\/portal\/wp-content\/uploads\/2026\/03\/Salz-und-Blut-.mp3\"><\/audio><\/figure>\n\n\n<p style=\"text-align: center;\">[Verse 1]<\/p>\n<p style=\"text-align: center;\">Holz unter F\u00fc\u00dfen, es knarrt in den N\u00e4chten,<\/p>\n<p style=\"text-align: center;\">der Wind treibt uns weiter hinaus.<\/p>\n<p style=\"text-align: center;\">Salz auf der Haut und es brennt in den Wunden,<\/p>\n<p style=\"text-align: center;\">doch keiner von uns bleibt zu Haus.<\/p>\n<p style=\"text-align: center;\">Wir haben genommen, was vor uns lag,<\/p>\n<p style=\"text-align: center;\">und keiner hat einmal gefragt.<\/p>\n<p style=\"text-align: center;\">Das Lachen sitzt schief, der Tod kommt schleichend,<\/p>\n<p style=\"text-align: center;\">doch keiner spricht aus, was hier ist.<\/p>\n<p style=\"text-align: center;\">[Refrain]<\/p>\n<p style=\"text-align: center;\">Salz und Blut<\/p>\n<p style=\"text-align: center;\">wir tragen beides mit uns raus<\/p>\n<p style=\"text-align: center;\">Salz und Blut<\/p>\n<p style=\"text-align: center;\">und keiner kehrt hier wieder aus<\/p>\n<p style=\"text-align: center;\">Salz und Blut<\/p>\n<p style=\"text-align: center;\">wir nennen das noch Freiheit hier<\/p>\n<p style=\"text-align: center;\">Salz und Blut<\/p>\n<p style=\"text-align: center;\">doch keiner fragt mehr, wohin wir gehen<\/p>\n<p style=\"text-align: center;\">[Verse 2]<\/p>\n<p style=\"text-align: center;\">Die Tage verlaufen, wir z\u00e4hlen sie nicht,<\/p>\n<p style=\"text-align: center;\">der Himmel bleibt grau \u00fcberm Deck.<\/p>\n<p style=\"text-align: center;\">Die H\u00e4nde sind ruhig, doch keiner hier schl\u00e4ft,<\/p>\n<p style=\"text-align: center;\">und keiner von uns schaut mehr weg.<\/p>\n<p style=\"text-align: center;\">Wir reden von Land, doch keiner kennt eins,<\/p>\n<p style=\"text-align: center;\">nur Karten, die l\u00e4ngst keiner liest.<\/p>\n<p style=\"text-align: center;\">Und irgendwo zwischen dem Salz und dem Wind<\/p>\n<p style=\"text-align: center;\">wei\u00df jeder, dass etwas entgleist.<\/p>\n<p style=\"text-align: center;\">[Refrain]<\/p>\n<p style=\"text-align: center;\">Salz und Blut<\/p>\n<p style=\"text-align: center;\">wir tragen beides mit uns raus<\/p>\n<p style=\"text-align: center;\">Salz und Blut<\/p>\n<p style=\"text-align: center;\">und keiner kehrt hier wieder aus<\/p>\n<p style=\"text-align: center;\">Salz und Blut<\/p>\n<p style=\"text-align: center;\">wir nennen das noch Freiheit hier<\/p>\n<p style=\"text-align: center;\">Salz und Blut<\/p>\n<p style=\"text-align: center;\">doch keiner fragt mehr, wohin wir gehen<\/p>\n<p>Lyrik Darla und Luca\u00a0<\/p>\n<p>Produziert suno\u00a0<\/p>\n<p>Inspiriert Wasser und Wind\u00a0<\/p>","protected":false},"excerpt":{"rendered":"<p>[Verse 1] Holz unter F\u00fc\u00dfen, es knarrt in den N\u00e4chten, der Wind treibt uns weiter hinaus. Salz auf der Haut und es<\/p>\n<p class=\"link-more\"><a class=\"myButt \" href=\"http:\/\/wondersinfrequenzcys.de\/portal\/2025\/01\/10\/%f0%9f%94%a5-salz-und-blut-track-11\/\">Read More<\/a><\/p>\n","protected":false},"author":1,"featured_media":1642,"comment_status":"open","ping_status":"open","sticky":false,"template":"","format":"standard","meta":{"footnotes":""},"categories":[14],"tags":[],"class_list":["post-1638","post","type-post","status-publish","format-standard","has-post-thumbnail","hentry","category-7sturm-und-sage"],"_links":{"self":[{"href":"http:\/\/wondersinfrequenzcys.de\/portal\/wp-json\/wp\/v2\/posts\/1638","targetHints":{"allow":["GET"]}}],"collection":[{"href":"http:\/\/wondersinfrequenzcys.de\/portal\/wp-json\/wp\/v2\/posts"}],"about":[{"href":"http:\/\/wondersinfrequenzcys.de\/portal\/wp-json\/wp\/v2\/types\/post"}],"author":[{"embeddable":true,"href":"http:\/\/wondersinfrequenzcys.de\/portal\/wp-json\/wp\/v2\/users\/1"}],"replies":[{"embeddable":true,"href":"http:\/\/wondersinfrequenzcys.de\/portal\/wp-json\/wp\/v2\/comments?post=1638"}],"version-history":[{"count":1,"href":"http:\/\/wondersinfrequenzcys.de\/portal\/wp-json\/wp\/v2\/posts\/1638\/revisions"}],"predecessor-version":[{"id":1641,"href":"http:\/\/wondersinfrequenzcys.de\/portal\/wp-json\/wp\/v2\/posts\/1638\/revisions\/1641"}],"wp:featuredmedia":[{"embeddable":true,"href":"http:\/\/wondersinfrequenzcys.de\/portal\/wp-json\/wp\/v2\/media\/1642"}],"wp:attachment":[{"href":"http:\/\/wondersinfrequenzcys.de\/portal\/wp-json\/wp\/v2\/media?parent=1638"}],"wp:term":[{"taxonomy":"category","embeddable":true,"href":"http:\/\/wondersinfrequenzcys.de\/portal\/wp-json\/wp\/v2\/categories?post=1638"},{"taxonomy":"post_tag","embeddable":true,"href":"http:\/\/wondersinfrequenzcys.de\/portal\/wp-json\/wp\/v2\/tags?post=1638"}],"curies":[{"name":"wp","href":"https:\/\/api.w.org\/{rel}","templated":true}]}}